{"id":6453,"date":"2024-12-05T09:44:46","date_gmt":"2024-12-05T09:44:46","guid":{"rendered":"https:\/\/rolandbaldi.com\/?p=6453"},"modified":"2024-12-05T09:52:26","modified_gmt":"2024-12-05T09:52:26","slug":"neue-architektur-in-sudtirol-2018-2024","status":"publish","type":"post","link":"https:\/\/rolandbaldi.com\/de\/neue-architektur-in-sudtirol-2018-2024\/","title":{"rendered":"Neue Architektur in S\u00fcdtirol 2018-2024"},"content":{"rendered":"<p>[et_pb_section fb_built=&#8220;1&#8243; admin_label=&#8220;section&#8220; _builder_version=&#8220;4.16&#8243; global_colors_info=&#8220;{}&#8220;][et_pb_row admin_label=&#8220;row&#8220; _builder_version=&#8220;4.17.6&#8243; background_size=&#8220;initial&#8220; background_position=&#8220;top_left&#8220; background_repeat=&#8220;repeat&#8220; global_colors_info=&#8220;{}&#8220;][et_pb_column type=&#8220;4_4&#8243; _builder_version=&#8220;4.16&#8243; custom_padding=&#8220;|||&#8220; global_colors_info=&#8220;{}&#8220; custom_padding__hover=&#8220;|||&#8220;][et_pb_text admin_label=&#8220;Text&#8220; _builder_version=&#8220;4.17.6&#8243; background_size=&#8220;initial&#8220; background_position=&#8220;top_left&#8220; background_repeat=&#8220;repeat&#8220; custom_padding=&#8220;||0px|||&#8220; global_colors_info=&#8220;{}&#8220; inline_fonts=&#8220;helvetica-light&#8220;]<\/p>\n<h3><span style=\"font-family: helvetica-light; font-weight: normal;\">\u201cGibt es eine S\u00fcdtiroler Architektur? Und wenn ja, was zeichnet sie aus?\u201d Darum dreht sich alles bei der vierten Ausgabe der Ausstellung\u00a0<strong>\u201eNeue Architektur in S\u00fcdtirol\u201d<\/strong>\u00a0bei\u00a0<em>Kunst Meran<\/em>. Die ausgew\u00e4hlten Projekte erz\u00e4hlen vom baukulturellen Entwicklungsprozess in S\u00fcdtirol und von der j\u00fcngsten Architekturgeschichte der Region. Wir freuen uns sehr, mit unserem Zivilschutzzentrum Ritten Antworten darauf zu haben. Zu sehen bis Mitte Februar 2025 \u2013 nicht verpassen!<\/span><\/h3>\n<p>&nbsp;<\/p>\n<p><a href=\"https:\/\/www.kunstmeranoarte.org\/de\/ausstellungen\/vorschau\/neue-architektur-in-suedtirol-2018-2024.html\">zum Ausstellung<\/a><\/p>\n<p>&nbsp;<\/p>\n<p><!-- \/divi:quote -->[\/et_pb_text][\/et_pb_column][\/et_pb_row][\/et_pb_section]<\/p>\n","protected":false},"excerpt":{"rendered":"<p>\u201cGibt es eine S\u00fcdtiroler Architektur? Und wenn ja, was zeichnet sie aus?\u201d Darum dreht sich alles bei der vierten Ausgabe der Ausstellung\u00a0\u201eNeue Architektur in S\u00fcdtirol\u201d\u00a0bei\u00a0Kunst Meran. Die ausgew\u00e4hlten Projekte erz\u00e4hlen vom baukulturellen Entwicklungsprozess in S\u00fcdtirol und von der j\u00fcngsten Architekturgeschichte der Region. Wir freuen uns sehr, mit unserem Zivilschutzzentrum Ritten Antworten darauf zu haben. Zu sehen bis Mitte Februar 2025 \u2013 nicht verpassen!<\/p>\n","protected":false},"author":5,"featured_media":6377,"comment_status":"open","ping_status":"closed","sticky":false,"template":"","format":"standard","meta":{"_et_pb_use_builder":"on","_et_pb_old_content":"<!-- wp:divi\/placeholder \/-->","_et_gb_content_width":"","inline_featured_image":false},"categories":[28],"tags":[],"yoast_head":"<!-- This site is optimized with the Yoast SEO plugin v19.3 - https:\/\/yoast.com\/wordpress\/plugins\/seo\/ -->\n<title>Neue Architektur in S\u00fcdtirol 2018-2024 | Roland Baldi<\/title>\n<meta name=\"robots\" content=\"index, follow, max-snippet:-1, max-image-preview:large, max-video-preview:-1\" \/>\n<link rel=\"canonical\" href=\"https:\/\/rolandbaldi.com\/de\/neue-architektur-in-sudtirol-2018-2024\/\" \/>\n<meta property=\"og:locale\" content=\"de_DE\" \/>\n<meta property=\"og:type\" content=\"article\" \/>\n<meta property=\"og:title\" content=\"Neue Architektur in S\u00fcdtirol 2018-2024 | Roland Baldi\" \/>\n<meta property=\"og:description\" content=\"\u201cGibt es eine S\u00fcdtiroler Architektur? Und wenn ja, was zeichnet sie aus?\u201d Darum dreht sich alles bei der vierten Ausgabe der Ausstellung\u00a0\u201eNeue Architektur in S\u00fcdtirol\u201d\u00a0bei\u00a0Kunst Meran. Die ausgew\u00e4hlten Projekte erz\u00e4hlen vom baukulturellen Entwicklungsprozess in S\u00fcdtirol und von der j\u00fcngsten Architekturgeschichte der Region. Wir freuen uns sehr, mit unserem Zivilschutzzentrum Ritten Antworten darauf zu haben. Zu sehen bis Mitte Februar 2025 \u2013 nicht verpassen!\" \/>\n<meta property=\"og:url\" content=\"https:\/\/rolandbaldi.com\/de\/neue-architektur-in-sudtirol-2018-2024\/\" \/>\n<meta property=\"og:site_name\" content=\"Roland Baldi\" \/>\n<meta property=\"article:publisher\" content=\"https:\/\/www.facebook.com\/roland.baldi.architects\" \/>\n<meta property=\"article:published_time\" content=\"2024-12-05T09:44:46+00:00\" \/>\n<meta property=\"article:modified_time\" content=\"2024-12-05T09:52:26+00:00\" \/>\n<meta property=\"og:image\" content=\"https:\/\/rolandbaldi.com\/wp-content\/uploads\/2024\/11\/Architetture-recenti-in-Alto-Adige_FOTO_2.jpg\" \/>\n\t<meta property=\"og:image:width\" content=\"1098\" \/>\n\t<meta property=\"og:image:height\" content=\"824\" \/>\n\t<meta property=\"og:image:type\" content=\"image\/jpeg\" \/>\n<meta name=\"author\" content=\"@roland-baldi\" \/>\n<meta name=\"twitter:card\" content=\"summary_large_image\" \/>\n<meta name=\"twitter:label1\" content=\"Verfasst von\" \/>\n\t<meta name=\"twitter:data1\" content=\"@roland-baldi\" \/>\n<script type=\"application\/ld+json\" class=\"yoast-schema-graph\">{\"@context\":\"https:\/\/schema.org\",\"@graph\":[{\"@type\":\"Organization\",\"@id\":\"https:\/\/rolandbaldi.com\/de\/#organization\",\"name\":\"Roland Baldi Architect\",\"url\":\"https:\/\/rolandbaldi.com\/de\/\",\"sameAs\":[\"https:\/\/www.instagram.com\/rolandbaldi\/\",\"https:\/\/www.linkedin.com\/in\/roland-baldi-b3181565\/\",\"https:\/\/www.facebook.com\/roland.baldi.architects\"],\"logo\":{\"@type\":\"ImageObject\",\"inLanguage\":\"de\",\"@id\":\"https:\/\/rolandbaldi.com\/de\/#\/schema\/logo\/image\/\",\"url\":\"https:\/\/rolandbaldi.com\/wp-content\/uploads\/2019\/07\/logo-nero.svg\",\"contentUrl\":\"https:\/\/rolandbaldi.com\/wp-content\/uploads\/2019\/07\/logo-nero.svg\",\"caption\":\"Roland Baldi Architect\"},\"image\":{\"@id\":\"https:\/\/rolandbaldi.com\/de\/#\/schema\/logo\/image\/\"}},{\"@type\":\"WebSite\",\"@id\":\"https:\/\/rolandbaldi.com\/de\/#website\",\"url\":\"https:\/\/rolandbaldi.com\/de\/\",\"name\":\"Roland Baldi\",\"description\":\"Roland Baldi architects - Bolzano\/Bozen\",\"publisher\":{\"@id\":\"https:\/\/rolandbaldi.com\/de\/#organization\"},\"potentialAction\":[{\"@type\":\"SearchAction\",\"target\":{\"@type\":\"EntryPoint\",\"urlTemplate\":\"https:\/\/rolandbaldi.com\/de\/?s={search_term_string}\"},\"query-input\":\"required name=search_term_string\"}],\"inLanguage\":\"de\"},{\"@type\":\"ImageObject\",\"inLanguage\":\"de\",\"@id\":\"https:\/\/rolandbaldi.com\/de\/neue-architektur-in-sudtirol-2018-2024\/#primaryimage\",\"url\":\"https:\/\/rolandbaldi.com\/wp-content\/uploads\/2024\/11\/Architetture-recenti-in-Alto-Adige_FOTO_2.jpg\",\"contentUrl\":\"https:\/\/rolandbaldi.com\/wp-content\/uploads\/2024\/11\/Architetture-recenti-in-Alto-Adige_FOTO_2.jpg\",\"width\":1098,\"height\":824},{\"@type\":\"WebPage\",\"@id\":\"https:\/\/rolandbaldi.com\/de\/neue-architektur-in-sudtirol-2018-2024\/\",\"url\":\"https:\/\/rolandbaldi.com\/de\/neue-architektur-in-sudtirol-2018-2024\/\",\"name\":\"Neue Architektur in S\u00fcdtirol 2018-2024 | Roland Baldi\",\"isPartOf\":{\"@id\":\"https:\/\/rolandbaldi.com\/de\/#website\"},\"primaryImageOfPage\":{\"@id\":\"https:\/\/rolandbaldi.com\/de\/neue-architektur-in-sudtirol-2018-2024\/#primaryimage\"},\"datePublished\":\"2024-12-05T09:44:46+00:00\",\"dateModified\":\"2024-12-05T09:52:26+00:00\",\"breadcrumb\":{\"@id\":\"https:\/\/rolandbaldi.com\/de\/neue-architektur-in-sudtirol-2018-2024\/#breadcrumb\"},\"inLanguage\":\"de\",\"potentialAction\":[{\"@type\":\"ReadAction\",\"target\":[\"https:\/\/rolandbaldi.com\/de\/neue-architektur-in-sudtirol-2018-2024\/\"]}]},{\"@type\":\"BreadcrumbList\",\"@id\":\"https:\/\/rolandbaldi.com\/de\/neue-architektur-in-sudtirol-2018-2024\/#breadcrumb\",\"itemListElement\":[{\"@type\":\"ListItem\",\"position\":1,\"name\":\"Home\",\"item\":\"https:\/\/rolandbaldi.com\/de\/\"},{\"@type\":\"ListItem\",\"position\":2,\"name\":\"Neue Architektur in S\u00fcdtirol 2018-2024\"}]},{\"@type\":\"Article\",\"@id\":\"https:\/\/rolandbaldi.com\/de\/neue-architektur-in-sudtirol-2018-2024\/#article\",\"isPartOf\":{\"@id\":\"https:\/\/rolandbaldi.com\/de\/neue-architektur-in-sudtirol-2018-2024\/\"},\"author\":{\"name\":\"@roland-baldi\",\"@id\":\"https:\/\/rolandbaldi.com\/de\/#\/schema\/person\/bb4967cee1f72f3169d429c5f29f5ac1\"},\"headline\":\"Neue Architektur in S\u00fcdtirol 2018-2024\",\"datePublished\":\"2024-12-05T09:44:46+00:00\",\"dateModified\":\"2024-12-05T09:52:26+00:00\",\"mainEntityOfPage\":{\"@id\":\"https:\/\/rolandbaldi.com\/de\/neue-architektur-in-sudtirol-2018-2024\/\"},\"wordCount\":167,\"commentCount\":0,\"publisher\":{\"@id\":\"https:\/\/rolandbaldi.com\/de\/#organization\"},\"image\":{\"@id\":\"https:\/\/rolandbaldi.com\/de\/neue-architektur-in-sudtirol-2018-2024\/#primaryimage\"},\"thumbnailUrl\":\"https:\/\/rolandbaldi.com\/wp-content\/uploads\/2024\/11\/Architetture-recenti-in-Alto-Adige_FOTO_2.jpg\",\"articleSection\":[\"News\"],\"inLanguage\":\"de\",\"potentialAction\":[{\"@type\":\"CommentAction\",\"name\":\"Comment\",\"target\":[\"https:\/\/rolandbaldi.com\/de\/neue-architektur-in-sudtirol-2018-2024\/#respond\"]}]},{\"@type\":\"Person\",\"@id\":\"https:\/\/rolandbaldi.com\/de\/#\/schema\/person\/bb4967cee1f72f3169d429c5f29f5ac1\",\"name\":\"@roland-baldi\",\"image\":{\"@type\":\"ImageObject\",\"inLanguage\":\"de\",\"@id\":\"https:\/\/rolandbaldi.com\/de\/#\/schema\/person\/image\/\",\"url\":\"https:\/\/secure.gravatar.com\/avatar\/f37ed6697111674af33f91697296c289?s=96&d=mm&r=g\",\"contentUrl\":\"https:\/\/secure.gravatar.com\/avatar\/f37ed6697111674af33f91697296c289?s=96&d=mm&r=g\",\"caption\":\"@roland-baldi\"}}]}<\/script>\n<!-- \/ Yoast SEO plugin. -->","yoast_head_json":{"title":"Neue Architektur in S\u00fcdtirol 2018-2024 | Roland Baldi","robots":{"index":"index","follow":"follow","max-snippet":"max-snippet:-1","max-image-preview":"max-image-preview:large","max-video-preview":"max-video-preview:-1"},"canonical":"https:\/\/rolandbaldi.com\/de\/neue-architektur-in-sudtirol-2018-2024\/","og_locale":"de_DE","og_type":"article","og_title":"Neue Architektur in S\u00fcdtirol 2018-2024 | Roland Baldi","og_description":"\u201cGibt es eine S\u00fcdtiroler Architektur? Und wenn ja, was zeichnet sie aus?\u201d Darum dreht sich alles bei der vierten Ausgabe der Ausstellung\u00a0\u201eNeue Architektur in S\u00fcdtirol\u201d\u00a0bei\u00a0Kunst Meran. Die ausgew\u00e4hlten Projekte erz\u00e4hlen vom baukulturellen Entwicklungsprozess in S\u00fcdtirol und von der j\u00fcngsten Architekturgeschichte der Region. Wir freuen uns sehr, mit unserem Zivilschutzzentrum Ritten Antworten darauf zu haben. Zu sehen bis Mitte Februar 2025 \u2013 nicht verpassen!","og_url":"https:\/\/rolandbaldi.com\/de\/neue-architektur-in-sudtirol-2018-2024\/","og_site_name":"Roland Baldi","article_publisher":"https:\/\/www.facebook.com\/roland.baldi.architects","article_published_time":"2024-12-05T09:44:46+00:00","article_modified_time":"2024-12-05T09:52:26+00:00","og_image":[{"width":1098,"height":824,"url":"https:\/\/rolandbaldi.com\/wp-content\/uploads\/2024\/11\/Architetture-recenti-in-Alto-Adige_FOTO_2.jpg","type":"image\/jpeg"}],"author":"@roland-baldi","twitter_card":"summary_large_image","twitter_misc":{"Verfasst von":"@roland-baldi"},"schema":{"@context":"https:\/\/schema.org","@graph":[{"@type":"Organization","@id":"https:\/\/rolandbaldi.com\/de\/#organization","name":"Roland Baldi Architect","url":"https:\/\/rolandbaldi.com\/de\/","sameAs":["https:\/\/www.instagram.com\/rolandbaldi\/","https:\/\/www.linkedin.com\/in\/roland-baldi-b3181565\/","https:\/\/www.facebook.com\/roland.baldi.architects"],"logo":{"@type":"ImageObject","inLanguage":"de","@id":"https:\/\/rolandbaldi.com\/de\/#\/schema\/logo\/image\/","url":"https:\/\/rolandbaldi.com\/wp-content\/uploads\/2019\/07\/logo-nero.svg","contentUrl":"https:\/\/rolandbaldi.com\/wp-content\/uploads\/2019\/07\/logo-nero.svg","caption":"Roland Baldi Architect"},"image":{"@id":"https:\/\/rolandbaldi.com\/de\/#\/schema\/logo\/image\/"}},{"@type":"WebSite","@id":"https:\/\/rolandbaldi.com\/de\/#website","url":"https:\/\/rolandbaldi.com\/de\/","name":"Roland Baldi","description":"Roland Baldi architects - Bolzano\/Bozen","publisher":{"@id":"https:\/\/rolandbaldi.com\/de\/#organization"},"potentialAction":[{"@type":"SearchAction","target":{"@type":"EntryPoint","urlTemplate":"https:\/\/rolandbaldi.com\/de\/?s={search_term_string}"},"query-input":"required name=search_term_string"}],"inLanguage":"de"},{"@type":"ImageObject","inLanguage":"de","@id":"https:\/\/rolandbaldi.com\/de\/neue-architektur-in-sudtirol-2018-2024\/#primaryimage","url":"https:\/\/rolandbaldi.com\/wp-content\/uploads\/2024\/11\/Architetture-recenti-in-Alto-Adige_FOTO_2.jpg","contentUrl":"https:\/\/rolandbaldi.com\/wp-content\/uploads\/2024\/11\/Architetture-recenti-in-Alto-Adige_FOTO_2.jpg","width":1098,"height":824},{"@type":"WebPage","@id":"https:\/\/rolandbaldi.com\/de\/neue-architektur-in-sudtirol-2018-2024\/","url":"https:\/\/rolandbaldi.com\/de\/neue-architektur-in-sudtirol-2018-2024\/","name":"Neue Architektur in S\u00fcdtirol 2018-2024 | Roland Baldi","isPartOf":{"@id":"https:\/\/rolandbaldi.com\/de\/#website"},"primaryImageOfPage":{"@id":"https:\/\/rolandbaldi.com\/de\/neue-architektur-in-sudtirol-2018-2024\/#primaryimage"},"datePublished":"2024-12-05T09:44:46+00:00","dateModified":"2024-12-05T09:52:26+00:00","breadcrumb":{"@id":"https:\/\/rolandbaldi.com\/de\/neue-architektur-in-sudtirol-2018-2024\/#breadcrumb"},"inLanguage":"de","potentialAction":[{"@type":"ReadAction","target":["https:\/\/rolandbaldi.com\/de\/neue-architektur-in-sudtirol-2018-2024\/"]}]},{"@type":"BreadcrumbList","@id":"https:\/\/rolandbaldi.com\/de\/neue-architektur-in-sudtirol-2018-2024\/#breadcrumb","itemListElement":[{"@type":"ListItem","position":1,"name":"Home","item":"https:\/\/rolandbaldi.com\/de\/"},{"@type":"ListItem","position":2,"name":"Neue Architektur in S\u00fcdtirol 2018-2024"}]},{"@type":"Article","@id":"https:\/\/rolandbaldi.com\/de\/neue-architektur-in-sudtirol-2018-2024\/#article","isPartOf":{"@id":"https:\/\/rolandbaldi.com\/de\/neue-architektur-in-sudtirol-2018-2024\/"},"author":{"name":"@roland-baldi","@id":"https:\/\/rolandbaldi.com\/de\/#\/schema\/person\/bb4967cee1f72f3169d429c5f29f5ac1"},"headline":"Neue Architektur in S\u00fcdtirol 2018-2024","datePublished":"2024-12-05T09:44:46+00:00","dateModified":"2024-12-05T09:52:26+00:00","mainEntityOfPage":{"@id":"https:\/\/rolandbaldi.com\/de\/neue-architektur-in-sudtirol-2018-2024\/"},"wordCount":167,"commentCount":0,"publisher":{"@id":"https:\/\/rolandbaldi.com\/de\/#organization"},"image":{"@id":"https:\/\/rolandbaldi.com\/de\/neue-architektur-in-sudtirol-2018-2024\/#primaryimage"},"thumbnailUrl":"https:\/\/rolandbaldi.com\/wp-content\/uploads\/2024\/11\/Architetture-recenti-in-Alto-Adige_FOTO_2.jpg","articleSection":["News"],"inLanguage":"de","potentialAction":[{"@type":"CommentAction","name":"Comment","target":["https:\/\/rolandbaldi.com\/de\/neue-architektur-in-sudtirol-2018-2024\/#respond"]}]},{"@type":"Person","@id":"https:\/\/rolandbaldi.com\/de\/#\/schema\/person\/bb4967cee1f72f3169d429c5f29f5ac1","name":"@roland-baldi","image":{"@type":"ImageObject","inLanguage":"de","@id":"https:\/\/rolandbaldi.com\/de\/#\/schema\/person\/image\/","url":"https:\/\/secure.gravatar.com\/avatar\/f37ed6697111674af33f91697296c289?s=96&d=mm&r=g","contentUrl":"https:\/\/secure.gravatar.com\/avatar\/f37ed6697111674af33f91697296c289?s=96&d=mm&r=g","caption":"@roland-baldi"}}]}},"_links":{"self":[{"href":"https:\/\/rolandbaldi.com\/de\/wp-json\/wp\/v2\/posts\/6453"}],"collection":[{"href":"https:\/\/rolandbaldi.com\/de\/wp-json\/wp\/v2\/posts"}],"about":[{"href":"https:\/\/rolandbaldi.com\/de\/wp-json\/wp\/v2\/types\/post"}],"author":[{"embeddable":true,"href":"https:\/\/rolandbaldi.com\/de\/wp-json\/wp\/v2\/users\/5"}],"replies":[{"embeddable":true,"href":"https:\/\/rolandbaldi.com\/de\/wp-json\/wp\/v2\/comments?post=6453"}],"version-history":[{"count":12,"href":"https:\/\/rolandbaldi.com\/de\/wp-json\/wp\/v2\/posts\/6453\/revisions"}],"predecessor-version":[{"id":6478,"href":"https:\/\/rolandbaldi.com\/de\/wp-json\/wp\/v2\/posts\/6453\/revisions\/6478"}],"wp:featuredmedia":[{"embeddable":true,"href":"https:\/\/rolandbaldi.com\/de\/wp-json\/wp\/v2\/media\/6377"}],"wp:attachment":[{"href":"https:\/\/rolandbaldi.com\/de\/wp-json\/wp\/v2\/media?parent=6453"}],"wp:term":[{"taxonomy":"category","embeddable":true,"href":"https:\/\/rolandbaldi.com\/de\/wp-json\/wp\/v2\/categories?post=6453"},{"taxonomy":"post_tag","embeddable":true,"href":"https:\/\/rolandbaldi.com\/de\/wp-json\/wp\/v2\/tags?post=6453"}],"curies":[{"name":"wp","href":"https:\/\/api.w.org\/{rel}","templated":true}]}}