{"id":6436,"date":"2024-11-18T15:26:58","date_gmt":"2024-11-18T15:26:58","guid":{"rendered":"https:\/\/rolandbaldi.com\/einweihung-des-kindergartens-in-kiens\/"},"modified":"2024-11-18T15:26:59","modified_gmt":"2024-11-18T15:26:59","slug":"einweihung-des-kindergartens-in-kiens","status":"publish","type":"post","link":"https:\/\/rolandbaldi.com\/en\/einweihung-des-kindergartens-in-kiens\/","title":{"rendered":"Einweihung des Kindergartens in Kiens"},"content":{"rendered":"<p>[et_pb_section fb_built=&#8221;1&#8243; admin_label=&#8221;section&#8221; _builder_version=&#8221;4.16&#8243; global_colors_info=&#8221;{}&#8221;][et_pb_row admin_label=&#8221;row&#8221; _builder_version=&#8221;4.17.6&#8243; background_size=&#8221;initial&#8221; background_position=&#8221;top_left&#8221; background_repeat=&#8221;repeat&#8221; global_colors_info=&#8221;{}&#8221;][et_pb_column type=&#8221;4_4&#8243; _builder_version=&#8221;4.16&#8243; custom_padding=&#8221;|||&#8221; global_colors_info=&#8221;{}&#8221; custom_padding__hover=&#8221;|||&#8221;][et_pb_text admin_label=&#8221;Text&#8221; _builder_version=&#8221;4.17.6&#8243; background_size=&#8221;initial&#8221; background_position=&#8221;top_left&#8221; background_repeat=&#8221;repeat&#8221; custom_padding=&#8221;||0px|||&#8221; global_colors_info=&#8221;{}&#8221;]<\/p>\n<p>Der neue Kindergarten und die Kinderkrippe in Kiens wurden nach den Sommerferien von den Kleinen erobert und im November offiziell eingeweiht. Mit der \u00e4sthetischen Formensprache des zweigeschossigen Holzbaus, der rotbraunen Fassade in Anlehnung an den Kirchturm und den nat\u00fcrlichen Materialien im Inneren sind gebaute Kinder(t)r\u00e4ume entstanden, in denen die Kleinen mit Begeisterung lernen und spielen k\u00f6nnen.<\/p>\n<p><a href=\"https:\/\/rolandbaldi.com\/en\/project\/kindergarten-and-daycare-centre-in-kiens-chienes\/\">zum Projekt\u00a0<\/a><\/p>\n<p>&nbsp;<\/p>\n<p>&nbsp;<\/p>\n<p>&nbsp;<\/p>\n<p>&nbsp;<\/p>\n<p>&nbsp;<\/p>\n<p><!-- \/divi:quote -->[\/et_pb_text][\/et_pb_column][\/et_pb_row][\/et_pb_section]<\/p>\n","protected":false},"excerpt":{"rendered":"<p>Der neue Kindergarten und die Kinderkrippe in Kiens wurden nach den Sommerferien von den Kleinen erobert und im November offiziell eingeweiht. Mit der \u00e4sthetischen Formensprache des zweigeschossigen Holzbaus, der rotbraunen Fassade in Anlehnung an den Kirchturm und den nat\u00fcrlichen Materialien im Inneren sind gebaute Kinder(t)r\u00e4ume entstanden, in denen die Kleinen mit Begeisterung lernen und spielen [&hellip;]<\/p>\n","protected":false},"author":5,"featured_media":6431,"comment_status":"open","ping_status":"closed","sticky":false,"template":"","format":"standard","meta":{"_et_pb_use_builder":"on","_et_pb_old_content":"","_et_gb_content_width":"","inline_featured_image":false},"categories":[37],"tags":[],"yoast_head":"<!-- This site is optimized with the Yoast SEO plugin v19.3 - https:\/\/yoast.com\/wordpress\/plugins\/seo\/ -->\n<title>Einweihung des Kindergartens in Kiens | Roland Baldi<\/title>\n<meta name=\"robots\" content=\"index, follow, max-snippet:-1, max-image-preview:large, max-video-preview:-1\" \/>\n<link rel=\"canonical\" href=\"https:\/\/rolandbaldi.com\/en\/einweihung-des-kindergartens-in-kiens\/\" \/>\n<meta property=\"og:locale\" content=\"en_US\" \/>\n<meta property=\"og:type\" content=\"article\" \/>\n<meta property=\"og:title\" content=\"Einweihung des Kindergartens in Kiens | Roland Baldi\" \/>\n<meta property=\"og:description\" content=\"Der neue Kindergarten und die Kinderkrippe in Kiens wurden nach den Sommerferien von den Kleinen erobert und im November offiziell eingeweiht. Mit der \u00e4sthetischen Formensprache des zweigeschossigen Holzbaus, der rotbraunen Fassade in Anlehnung an den Kirchturm und den nat\u00fcrlichen Materialien im Inneren sind gebaute Kinder(t)r\u00e4ume entstanden, in denen die Kleinen mit Begeisterung lernen und spielen [&hellip;]\" \/>\n<meta property=\"og:url\" content=\"https:\/\/rolandbaldi.com\/en\/einweihung-des-kindergartens-in-kiens\/\" \/>\n<meta property=\"og:site_name\" content=\"Roland Baldi\" \/>\n<meta property=\"article:publisher\" content=\"https:\/\/www.facebook.com\/roland.baldi.architects\" \/>\n<meta property=\"article:published_time\" content=\"2024-11-18T15:26:58+00:00\" \/>\n<meta property=\"article:modified_time\" content=\"2024-11-18T15:26:59+00:00\" \/>\n<meta property=\"og:image\" content=\"https:\/\/rolandbaldi.com\/wp-content\/uploads\/2024\/11\/KIGA-KIENS_inaugurazione.jpg\" \/>\n\t<meta property=\"og:image:width\" content=\"1021\" \/>\n\t<meta property=\"og:image:height\" content=\"1021\" \/>\n\t<meta property=\"og:image:type\" content=\"image\/jpeg\" \/>\n<meta name=\"author\" content=\"@roland-baldi\" \/>\n<meta name=\"twitter:card\" content=\"summary_large_image\" \/>\n<meta name=\"twitter:label1\" content=\"Written by\" \/>\n\t<meta name=\"twitter:data1\" content=\"@roland-baldi\" \/>\n\t<meta name=\"twitter:label2\" content=\"Est. reading time\" \/>\n\t<meta name=\"twitter:data2\" content=\"1 minute\" \/>\n<script type=\"application\/ld+json\" class=\"yoast-schema-graph\">{\"@context\":\"https:\/\/schema.org\",\"@graph\":[{\"@type\":\"Organization\",\"@id\":\"https:\/\/rolandbaldi.com\/de\/#organization\",\"name\":\"Roland Baldi Architect\",\"url\":\"https:\/\/rolandbaldi.com\/de\/\",\"sameAs\":[\"https:\/\/www.instagram.com\/rolandbaldi\/\",\"https:\/\/www.linkedin.com\/in\/roland-baldi-b3181565\/\",\"https:\/\/www.facebook.com\/roland.baldi.architects\"],\"logo\":{\"@type\":\"ImageObject\",\"inLanguage\":\"en-US\",\"@id\":\"https:\/\/rolandbaldi.com\/de\/#\/schema\/logo\/image\/\",\"url\":\"https:\/\/rolandbaldi.com\/wp-content\/uploads\/2019\/07\/logo-nero.svg\",\"contentUrl\":\"https:\/\/rolandbaldi.com\/wp-content\/uploads\/2019\/07\/logo-nero.svg\",\"caption\":\"Roland Baldi Architect\"},\"image\":{\"@id\":\"https:\/\/rolandbaldi.com\/de\/#\/schema\/logo\/image\/\"}},{\"@type\":\"WebSite\",\"@id\":\"https:\/\/rolandbaldi.com\/de\/#website\",\"url\":\"https:\/\/rolandbaldi.com\/de\/\",\"name\":\"Roland Baldi\",\"description\":\"Roland Baldi architects - Bolzano\/Bozen\",\"publisher\":{\"@id\":\"https:\/\/rolandbaldi.com\/de\/#organization\"},\"potentialAction\":[{\"@type\":\"SearchAction\",\"target\":{\"@type\":\"EntryPoint\",\"urlTemplate\":\"https:\/\/rolandbaldi.com\/de\/?s={search_term_string}\"},\"query-input\":\"required name=search_term_string\"}],\"inLanguage\":\"en-US\"},{\"@type\":\"ImageObject\",\"inLanguage\":\"en-US\",\"@id\":\"https:\/\/rolandbaldi.com\/en\/einweihung-des-kindergartens-in-kiens\/#primaryimage\",\"url\":\"https:\/\/rolandbaldi.com\/wp-content\/uploads\/2024\/11\/KIGA-KIENS_inaugurazione.jpg\",\"contentUrl\":\"https:\/\/rolandbaldi.com\/wp-content\/uploads\/2024\/11\/KIGA-KIENS_inaugurazione.jpg\",\"width\":1021,\"height\":1021},{\"@type\":\"WebPage\",\"@id\":\"https:\/\/rolandbaldi.com\/en\/einweihung-des-kindergartens-in-kiens\/\",\"url\":\"https:\/\/rolandbaldi.com\/en\/einweihung-des-kindergartens-in-kiens\/\",\"name\":\"Einweihung des Kindergartens in Kiens | Roland Baldi\",\"isPartOf\":{\"@id\":\"https:\/\/rolandbaldi.com\/de\/#website\"},\"primaryImageOfPage\":{\"@id\":\"https:\/\/rolandbaldi.com\/en\/einweihung-des-kindergartens-in-kiens\/#primaryimage\"},\"datePublished\":\"2024-11-18T15:26:58+00:00\",\"dateModified\":\"2024-11-18T15:26:59+00:00\",\"breadcrumb\":{\"@id\":\"https:\/\/rolandbaldi.com\/en\/einweihung-des-kindergartens-in-kiens\/#breadcrumb\"},\"inLanguage\":\"en-US\",\"potentialAction\":[{\"@type\":\"ReadAction\",\"target\":[\"https:\/\/rolandbaldi.com\/en\/einweihung-des-kindergartens-in-kiens\/\"]}]},{\"@type\":\"BreadcrumbList\",\"@id\":\"https:\/\/rolandbaldi.com\/en\/einweihung-des-kindergartens-in-kiens\/#breadcrumb\",\"itemListElement\":[{\"@type\":\"ListItem\",\"position\":1,\"name\":\"Home\",\"item\":\"https:\/\/rolandbaldi.com\/en\/\"},{\"@type\":\"ListItem\",\"position\":2,\"name\":\"Einweihung des Kindergartens in Kiens\"}]},{\"@type\":\"Article\",\"@id\":\"https:\/\/rolandbaldi.com\/en\/einweihung-des-kindergartens-in-kiens\/#article\",\"isPartOf\":{\"@id\":\"https:\/\/rolandbaldi.com\/en\/einweihung-des-kindergartens-in-kiens\/\"},\"author\":{\"name\":\"@roland-baldi\",\"@id\":\"https:\/\/rolandbaldi.com\/de\/#\/schema\/person\/bb4967cee1f72f3169d429c5f29f5ac1\"},\"headline\":\"Einweihung des Kindergartens in Kiens\",\"datePublished\":\"2024-11-18T15:26:58+00:00\",\"dateModified\":\"2024-11-18T15:26:59+00:00\",\"mainEntityOfPage\":{\"@id\":\"https:\/\/rolandbaldi.com\/en\/einweihung-des-kindergartens-in-kiens\/\"},\"wordCount\":157,\"commentCount\":0,\"publisher\":{\"@id\":\"https:\/\/rolandbaldi.com\/de\/#organization\"},\"image\":{\"@id\":\"https:\/\/rolandbaldi.com\/en\/einweihung-des-kindergartens-in-kiens\/#primaryimage\"},\"thumbnailUrl\":\"https:\/\/rolandbaldi.com\/wp-content\/uploads\/2024\/11\/KIGA-KIENS_inaugurazione.jpg\",\"articleSection\":[\"News\"],\"inLanguage\":\"en-US\",\"potentialAction\":[{\"@type\":\"CommentAction\",\"name\":\"Comment\",\"target\":[\"https:\/\/rolandbaldi.com\/en\/einweihung-des-kindergartens-in-kiens\/#respond\"]}]},{\"@type\":\"Person\",\"@id\":\"https:\/\/rolandbaldi.com\/de\/#\/schema\/person\/bb4967cee1f72f3169d429c5f29f5ac1\",\"name\":\"@roland-baldi\",\"image\":{\"@type\":\"ImageObject\",\"inLanguage\":\"en-US\",\"@id\":\"https:\/\/rolandbaldi.com\/de\/#\/schema\/person\/image\/\",\"url\":\"https:\/\/secure.gravatar.com\/avatar\/f37ed6697111674af33f91697296c289?s=96&d=mm&r=g\",\"contentUrl\":\"https:\/\/secure.gravatar.com\/avatar\/f37ed6697111674af33f91697296c289?s=96&d=mm&r=g\",\"caption\":\"@roland-baldi\"}}]}<\/script>\n<!-- \/ Yoast SEO plugin. -->","yoast_head_json":{"title":"Einweihung des Kindergartens in Kiens | Roland Baldi","robots":{"index":"index","follow":"follow","max-snippet":"max-snippet:-1","max-image-preview":"max-image-preview:large","max-video-preview":"max-video-preview:-1"},"canonical":"https:\/\/rolandbaldi.com\/en\/einweihung-des-kindergartens-in-kiens\/","og_locale":"en_US","og_type":"article","og_title":"Einweihung des Kindergartens in Kiens | Roland Baldi","og_description":"Der neue Kindergarten und die Kinderkrippe in Kiens wurden nach den Sommerferien von den Kleinen erobert und im November offiziell eingeweiht. Mit der \u00e4sthetischen Formensprache des zweigeschossigen Holzbaus, der rotbraunen Fassade in Anlehnung an den Kirchturm und den nat\u00fcrlichen Materialien im Inneren sind gebaute Kinder(t)r\u00e4ume entstanden, in denen die Kleinen mit Begeisterung lernen und spielen [&hellip;]","og_url":"https:\/\/rolandbaldi.com\/en\/einweihung-des-kindergartens-in-kiens\/","og_site_name":"Roland Baldi","article_publisher":"https:\/\/www.facebook.com\/roland.baldi.architects","article_published_time":"2024-11-18T15:26:58+00:00","article_modified_time":"2024-11-18T15:26:59+00:00","og_image":[{"width":1021,"height":1021,"url":"https:\/\/rolandbaldi.com\/wp-content\/uploads\/2024\/11\/KIGA-KIENS_inaugurazione.jpg","type":"image\/jpeg"}],"author":"@roland-baldi","twitter_card":"summary_large_image","twitter_misc":{"Written by":"@roland-baldi","Est. reading time":"1 minute"},"schema":{"@context":"https:\/\/schema.org","@graph":[{"@type":"Organization","@id":"https:\/\/rolandbaldi.com\/de\/#organization","name":"Roland Baldi Architect","url":"https:\/\/rolandbaldi.com\/de\/","sameAs":["https:\/\/www.instagram.com\/rolandbaldi\/","https:\/\/www.linkedin.com\/in\/roland-baldi-b3181565\/","https:\/\/www.facebook.com\/roland.baldi.architects"],"logo":{"@type":"ImageObject","inLanguage":"en-US","@id":"https:\/\/rolandbaldi.com\/de\/#\/schema\/logo\/image\/","url":"https:\/\/rolandbaldi.com\/wp-content\/uploads\/2019\/07\/logo-nero.svg","contentUrl":"https:\/\/rolandbaldi.com\/wp-content\/uploads\/2019\/07\/logo-nero.svg","caption":"Roland Baldi Architect"},"image":{"@id":"https:\/\/rolandbaldi.com\/de\/#\/schema\/logo\/image\/"}},{"@type":"WebSite","@id":"https:\/\/rolandbaldi.com\/de\/#website","url":"https:\/\/rolandbaldi.com\/de\/","name":"Roland Baldi","description":"Roland Baldi architects - Bolzano\/Bozen","publisher":{"@id":"https:\/\/rolandbaldi.com\/de\/#organization"},"potentialAction":[{"@type":"SearchAction","target":{"@type":"EntryPoint","urlTemplate":"https:\/\/rolandbaldi.com\/de\/?s={search_term_string}"},"query-input":"required name=search_term_string"}],"inLanguage":"en-US"},{"@type":"ImageObject","inLanguage":"en-US","@id":"https:\/\/rolandbaldi.com\/en\/einweihung-des-kindergartens-in-kiens\/#primaryimage","url":"https:\/\/rolandbaldi.com\/wp-content\/uploads\/2024\/11\/KIGA-KIENS_inaugurazione.jpg","contentUrl":"https:\/\/rolandbaldi.com\/wp-content\/uploads\/2024\/11\/KIGA-KIENS_inaugurazione.jpg","width":1021,"height":1021},{"@type":"WebPage","@id":"https:\/\/rolandbaldi.com\/en\/einweihung-des-kindergartens-in-kiens\/","url":"https:\/\/rolandbaldi.com\/en\/einweihung-des-kindergartens-in-kiens\/","name":"Einweihung des Kindergartens in Kiens | Roland Baldi","isPartOf":{"@id":"https:\/\/rolandbaldi.com\/de\/#website"},"primaryImageOfPage":{"@id":"https:\/\/rolandbaldi.com\/en\/einweihung-des-kindergartens-in-kiens\/#primaryimage"},"datePublished":"2024-11-18T15:26:58+00:00","dateModified":"2024-11-18T15:26:59+00:00","breadcrumb":{"@id":"https:\/\/rolandbaldi.com\/en\/einweihung-des-kindergartens-in-kiens\/#breadcrumb"},"inLanguage":"en-US","potentialAction":[{"@type":"ReadAction","target":["https:\/\/rolandbaldi.com\/en\/einweihung-des-kindergartens-in-kiens\/"]}]},{"@type":"BreadcrumbList","@id":"https:\/\/rolandbaldi.com\/en\/einweihung-des-kindergartens-in-kiens\/#breadcrumb","itemListElement":[{"@type":"ListItem","position":1,"name":"Home","item":"https:\/\/rolandbaldi.com\/en\/"},{"@type":"ListItem","position":2,"name":"Einweihung des Kindergartens in Kiens"}]},{"@type":"Article","@id":"https:\/\/rolandbaldi.com\/en\/einweihung-des-kindergartens-in-kiens\/#article","isPartOf":{"@id":"https:\/\/rolandbaldi.com\/en\/einweihung-des-kindergartens-in-kiens\/"},"author":{"name":"@roland-baldi","@id":"https:\/\/rolandbaldi.com\/de\/#\/schema\/person\/bb4967cee1f72f3169d429c5f29f5ac1"},"headline":"Einweihung des Kindergartens in Kiens","datePublished":"2024-11-18T15:26:58+00:00","dateModified":"2024-11-18T15:26:59+00:00","mainEntityOfPage":{"@id":"https:\/\/rolandbaldi.com\/en\/einweihung-des-kindergartens-in-kiens\/"},"wordCount":157,"commentCount":0,"publisher":{"@id":"https:\/\/rolandbaldi.com\/de\/#organization"},"image":{"@id":"https:\/\/rolandbaldi.com\/en\/einweihung-des-kindergartens-in-kiens\/#primaryimage"},"thumbnailUrl":"https:\/\/rolandbaldi.com\/wp-content\/uploads\/2024\/11\/KIGA-KIENS_inaugurazione.jpg","articleSection":["News"],"inLanguage":"en-US","potentialAction":[{"@type":"CommentAction","name":"Comment","target":["https:\/\/rolandbaldi.com\/en\/einweihung-des-kindergartens-in-kiens\/#respond"]}]},{"@type":"Person","@id":"https:\/\/rolandbaldi.com\/de\/#\/schema\/person\/bb4967cee1f72f3169d429c5f29f5ac1","name":"@roland-baldi","image":{"@type":"ImageObject","inLanguage":"en-US","@id":"https:\/\/rolandbaldi.com\/de\/#\/schema\/person\/image\/","url":"https:\/\/secure.gravatar.com\/avatar\/f37ed6697111674af33f91697296c289?s=96&d=mm&r=g","contentUrl":"https:\/\/secure.gravatar.com\/avatar\/f37ed6697111674af33f91697296c289?s=96&d=mm&r=g","caption":"@roland-baldi"}}]}},"_links":{"self":[{"href":"https:\/\/rolandbaldi.com\/en\/wp-json\/wp\/v2\/posts\/6436"}],"collection":[{"href":"https:\/\/rolandbaldi.com\/en\/wp-json\/wp\/v2\/posts"}],"about":[{"href":"https:\/\/rolandbaldi.com\/en\/wp-json\/wp\/v2\/types\/post"}],"author":[{"embeddable":true,"href":"https:\/\/rolandbaldi.com\/en\/wp-json\/wp\/v2\/users\/5"}],"replies":[{"embeddable":true,"href":"https:\/\/rolandbaldi.com\/en\/wp-json\/wp\/v2\/comments?post=6436"}],"version-history":[{"count":2,"href":"https:\/\/rolandbaldi.com\/en\/wp-json\/wp\/v2\/posts\/6436\/revisions"}],"predecessor-version":[{"id":6438,"href":"https:\/\/rolandbaldi.com\/en\/wp-json\/wp\/v2\/posts\/6436\/revisions\/6438"}],"wp:featuredmedia":[{"embeddable":true,"href":"https:\/\/rolandbaldi.com\/en\/wp-json\/wp\/v2\/media\/6431"}],"wp:attachment":[{"href":"https:\/\/rolandbaldi.com\/en\/wp-json\/wp\/v2\/media?parent=6436"}],"wp:term":[{"taxonomy":"category","embeddable":true,"href":"https:\/\/rolandbaldi.com\/en\/wp-json\/wp\/v2\/categories?post=6436"},{"taxonomy":"post_tag","embeddable":true,"href":"https:\/\/rolandbaldi.com\/en\/wp-json\/wp\/v2\/tags?post=6436"}],"curies":[{"name":"wp","href":"https:\/\/api.w.org\/{rel}","templated":true}]}}