{"id":4029,"date":"2020-04-03T13:34:50","date_gmt":"2020-04-03T13:34:50","guid":{"rendered":"https:\/\/rolandbaldi.com\/?p=4029"},"modified":"2020-07-30T09:57:51","modified_gmt":"2020-07-30T09:57:51","slug":"zwei-nominierungen-fuer-geplantausgefuehrt","status":"publish","type":"post","link":"https:\/\/rolandbaldi.com\/it\/zwei-nominierungen-fuer-geplantausgefuehrt\/","title":{"rendered":"Zwei Nominierungen f\u00fcr GEPLANT+AUSGEF\u00dcHRT"},"content":{"rendered":"<p>Gleich zwei unserer Projekte sind f\u00fcr den Architekturpreis GEPLANT+AUSGEF\u00dcHRT anl\u00e4sslich der Internationalen Handwerksmesse in M\u00fcnchen nominiert. Der Kindergarten Schluderns und der Speisesaal der Eurac geh\u00f6ren zu den 30 besten Objekte unter allen Bewerbungen. Die Preisverleihung musste angesichts des Corona-Virus auf unbestimmte Zeit verschoben werden. Doch ob mit oder ohne gewonnenen Preisen, hier geht\u2019s direkt zu den Projekten:<\/p>\n<p><a href=\"https:\/\/rolandbaldi.com\/it\/project\/scuola-materna-sluderno\/\">Kindergarten Schluderns<\/a><br \/>\n<a href=\"https:\/\/rolandbaldi.com\/it\/project\/sala-da-pranzo-eurac\/\">Speisesaal Eurac<\/a><\/p>\n<p>&nbsp;<\/p>\n","protected":false},"excerpt":{"rendered":"<p>Gleich zwei unserer Projekte sind f\u00fcr den Architekturpreis GEPLANT+AUSGEF\u00dcHRT anl\u00e4sslich der Internationalen Handwerksmesse in M\u00fcnchen nominiert. Der Kindergarten Schluderns und der Speisesaal der Eurac geh\u00f6ren zu den 30 besten Objekte unter allen Bewerbungen. Die Preisverleihung musste angesichts des Corona-Virus auf unbestimmte Zeit verschoben werden. Doch ob mit oder ohne gewonnenen Preisen, hier geht\u2019s direkt zu [&hellip;]<\/p>\n","protected":false},"author":5,"featured_media":1814,"comment_status":"open","ping_status":"closed","sticky":false,"template":"","format":"standard","meta":{"_et_pb_use_builder":"","_et_pb_old_content":"","_et_gb_content_width":"","inline_featured_image":false},"categories":[14],"tags":[],"yoast_head":"<!-- This site is optimized with the Yoast SEO plugin v19.3 - https:\/\/yoast.com\/wordpress\/plugins\/seo\/ -->\n<title>Zwei Nominierungen f\u00fcr GEPLANT+AUSGEF\u00dcHRT | Roland Baldi<\/title>\n<meta name=\"robots\" content=\"index, follow, max-snippet:-1, max-image-preview:large, max-video-preview:-1\" \/>\n<link rel=\"canonical\" href=\"https:\/\/rolandbaldi.com\/it\/zwei-nominierungen-fuer-geplantausgefuehrt\/\" \/>\n<meta property=\"og:locale\" content=\"it_IT\" \/>\n<meta property=\"og:type\" content=\"article\" \/>\n<meta property=\"og:title\" content=\"Zwei Nominierungen f\u00fcr GEPLANT+AUSGEF\u00dcHRT | Roland Baldi\" \/>\n<meta property=\"og:description\" content=\"Gleich zwei unserer Projekte sind f\u00fcr den Architekturpreis GEPLANT+AUSGEF\u00dcHRT anl\u00e4sslich der Internationalen Handwerksmesse in M\u00fcnchen nominiert. Der Kindergarten Schluderns und der Speisesaal der Eurac geh\u00f6ren zu den 30 besten Objekte unter allen Bewerbungen. Die Preisverleihung musste angesichts des Corona-Virus auf unbestimmte Zeit verschoben werden. Doch ob mit oder ohne gewonnenen Preisen, hier geht\u2019s direkt zu [&hellip;]\" \/>\n<meta property=\"og:url\" content=\"https:\/\/rolandbaldi.com\/it\/zwei-nominierungen-fuer-geplantausgefuehrt\/\" \/>\n<meta property=\"og:site_name\" content=\"Roland Baldi\" \/>\n<meta property=\"article:publisher\" content=\"https:\/\/www.facebook.com\/roland.baldi.architects\" \/>\n<meta property=\"article:published_time\" content=\"2020-04-03T13:34:50+00:00\" \/>\n<meta property=\"article:modified_time\" content=\"2020-07-30T09:57:51+00:00\" \/>\n<meta property=\"og:image\" content=\"https:\/\/rolandbaldi.com\/wp-content\/uploads\/2019\/11\/003.jpg\" \/>\n\t<meta property=\"og:image:width\" content=\"1900\" \/>\n\t<meta property=\"og:image:height\" content=\"1002\" \/>\n\t<meta property=\"og:image:type\" content=\"image\/jpeg\" \/>\n<meta name=\"author\" content=\"@roland-baldi\" \/>\n<meta name=\"twitter:card\" content=\"summary_large_image\" \/>\n<meta name=\"twitter:label1\" content=\"Scritto da\" \/>\n\t<meta name=\"twitter:data1\" content=\"@roland-baldi\" \/>\n<script type=\"application\/ld+json\" class=\"yoast-schema-graph\">{\"@context\":\"https:\/\/schema.org\",\"@graph\":[{\"@type\":\"Organization\",\"@id\":\"https:\/\/rolandbaldi.com\/de\/#organization\",\"name\":\"Roland Baldi Architect\",\"url\":\"https:\/\/rolandbaldi.com\/de\/\",\"sameAs\":[\"https:\/\/www.instagram.com\/rolandbaldi\/\",\"https:\/\/www.linkedin.com\/in\/roland-baldi-b3181565\/\",\"https:\/\/www.facebook.com\/roland.baldi.architects\"],\"logo\":{\"@type\":\"ImageObject\",\"inLanguage\":\"it-IT\",\"@id\":\"https:\/\/rolandbaldi.com\/de\/#\/schema\/logo\/image\/\",\"url\":\"https:\/\/rolandbaldi.com\/wp-content\/uploads\/2019\/07\/logo-nero.svg\",\"contentUrl\":\"https:\/\/rolandbaldi.com\/wp-content\/uploads\/2019\/07\/logo-nero.svg\",\"caption\":\"Roland Baldi Architect\"},\"image\":{\"@id\":\"https:\/\/rolandbaldi.com\/de\/#\/schema\/logo\/image\/\"}},{\"@type\":\"WebSite\",\"@id\":\"https:\/\/rolandbaldi.com\/de\/#website\",\"url\":\"https:\/\/rolandbaldi.com\/de\/\",\"name\":\"Roland Baldi\",\"description\":\"Roland Baldi architects - Bolzano\/Bozen\",\"publisher\":{\"@id\":\"https:\/\/rolandbaldi.com\/de\/#organization\"},\"potentialAction\":[{\"@type\":\"SearchAction\",\"target\":{\"@type\":\"EntryPoint\",\"urlTemplate\":\"https:\/\/rolandbaldi.com\/de\/?s={search_term_string}\"},\"query-input\":\"required name=search_term_string\"}],\"inLanguage\":\"it-IT\"},{\"@type\":\"ImageObject\",\"inLanguage\":\"it-IT\",\"@id\":\"https:\/\/rolandbaldi.com\/it\/zwei-nominierungen-fuer-geplantausgefuehrt\/#primaryimage\",\"url\":\"https:\/\/rolandbaldi.com\/wp-content\/uploads\/2019\/11\/003.jpg\",\"contentUrl\":\"https:\/\/rolandbaldi.com\/wp-content\/uploads\/2019\/11\/003.jpg\",\"width\":1900,\"height\":1002},{\"@type\":\"WebPage\",\"@id\":\"https:\/\/rolandbaldi.com\/it\/zwei-nominierungen-fuer-geplantausgefuehrt\/\",\"url\":\"https:\/\/rolandbaldi.com\/it\/zwei-nominierungen-fuer-geplantausgefuehrt\/\",\"name\":\"Zwei Nominierungen f\u00fcr GEPLANT+AUSGEF\u00dcHRT | Roland Baldi\",\"isPartOf\":{\"@id\":\"https:\/\/rolandbaldi.com\/de\/#website\"},\"primaryImageOfPage\":{\"@id\":\"https:\/\/rolandbaldi.com\/it\/zwei-nominierungen-fuer-geplantausgefuehrt\/#primaryimage\"},\"datePublished\":\"2020-04-03T13:34:50+00:00\",\"dateModified\":\"2020-07-30T09:57:51+00:00\",\"breadcrumb\":{\"@id\":\"https:\/\/rolandbaldi.com\/it\/zwei-nominierungen-fuer-geplantausgefuehrt\/#breadcrumb\"},\"inLanguage\":\"it-IT\",\"potentialAction\":[{\"@type\":\"ReadAction\",\"target\":[\"https:\/\/rolandbaldi.com\/it\/zwei-nominierungen-fuer-geplantausgefuehrt\/\"]}]},{\"@type\":\"BreadcrumbList\",\"@id\":\"https:\/\/rolandbaldi.com\/it\/zwei-nominierungen-fuer-geplantausgefuehrt\/#breadcrumb\",\"itemListElement\":[{\"@type\":\"ListItem\",\"position\":1,\"name\":\"Home\",\"item\":\"https:\/\/rolandbaldi.com\/it\/home\/\"},{\"@type\":\"ListItem\",\"position\":2,\"name\":\"Zwei Nominierungen f\u00fcr GEPLANT+AUSGEF\u00dcHRT\"}]},{\"@type\":\"Article\",\"@id\":\"https:\/\/rolandbaldi.com\/it\/zwei-nominierungen-fuer-geplantausgefuehrt\/#article\",\"isPartOf\":{\"@id\":\"https:\/\/rolandbaldi.com\/it\/zwei-nominierungen-fuer-geplantausgefuehrt\/\"},\"author\":{\"name\":\"@roland-baldi\",\"@id\":\"https:\/\/rolandbaldi.com\/de\/#\/schema\/person\/bb4967cee1f72f3169d429c5f29f5ac1\"},\"headline\":\"Zwei Nominierungen f\u00fcr GEPLANT+AUSGEF\u00dcHRT\",\"datePublished\":\"2020-04-03T13:34:50+00:00\",\"dateModified\":\"2020-07-30T09:57:51+00:00\",\"mainEntityOfPage\":{\"@id\":\"https:\/\/rolandbaldi.com\/it\/zwei-nominierungen-fuer-geplantausgefuehrt\/\"},\"wordCount\":75,\"commentCount\":0,\"publisher\":{\"@id\":\"https:\/\/rolandbaldi.com\/de\/#organization\"},\"image\":{\"@id\":\"https:\/\/rolandbaldi.com\/it\/zwei-nominierungen-fuer-geplantausgefuehrt\/#primaryimage\"},\"thumbnailUrl\":\"https:\/\/rolandbaldi.com\/wp-content\/uploads\/2019\/11\/003.jpg\",\"articleSection\":[\"News\"],\"inLanguage\":\"it-IT\",\"potentialAction\":[{\"@type\":\"CommentAction\",\"name\":\"Comment\",\"target\":[\"https:\/\/rolandbaldi.com\/it\/zwei-nominierungen-fuer-geplantausgefuehrt\/#respond\"]}]},{\"@type\":\"Person\",\"@id\":\"https:\/\/rolandbaldi.com\/de\/#\/schema\/person\/bb4967cee1f72f3169d429c5f29f5ac1\",\"name\":\"@roland-baldi\",\"image\":{\"@type\":\"ImageObject\",\"inLanguage\":\"it-IT\",\"@id\":\"https:\/\/rolandbaldi.com\/de\/#\/schema\/person\/image\/\",\"url\":\"https:\/\/secure.gravatar.com\/avatar\/f37ed6697111674af33f91697296c289?s=96&d=mm&r=g\",\"contentUrl\":\"https:\/\/secure.gravatar.com\/avatar\/f37ed6697111674af33f91697296c289?s=96&d=mm&r=g\",\"caption\":\"@roland-baldi\"}}]}<\/script>\n<!-- \/ Yoast SEO plugin. -->","yoast_head_json":{"title":"Zwei Nominierungen f\u00fcr GEPLANT+AUSGEF\u00dcHRT | Roland Baldi","robots":{"index":"index","follow":"follow","max-snippet":"max-snippet:-1","max-image-preview":"max-image-preview:large","max-video-preview":"max-video-preview:-1"},"canonical":"https:\/\/rolandbaldi.com\/it\/zwei-nominierungen-fuer-geplantausgefuehrt\/","og_locale":"it_IT","og_type":"article","og_title":"Zwei Nominierungen f\u00fcr GEPLANT+AUSGEF\u00dcHRT | Roland Baldi","og_description":"Gleich zwei unserer Projekte sind f\u00fcr den Architekturpreis GEPLANT+AUSGEF\u00dcHRT anl\u00e4sslich der Internationalen Handwerksmesse in M\u00fcnchen nominiert. Der Kindergarten Schluderns und der Speisesaal der Eurac geh\u00f6ren zu den 30 besten Objekte unter allen Bewerbungen. Die Preisverleihung musste angesichts des Corona-Virus auf unbestimmte Zeit verschoben werden. Doch ob mit oder ohne gewonnenen Preisen, hier geht\u2019s direkt zu [&hellip;]","og_url":"https:\/\/rolandbaldi.com\/it\/zwei-nominierungen-fuer-geplantausgefuehrt\/","og_site_name":"Roland Baldi","article_publisher":"https:\/\/www.facebook.com\/roland.baldi.architects","article_published_time":"2020-04-03T13:34:50+00:00","article_modified_time":"2020-07-30T09:57:51+00:00","og_image":[{"width":1900,"height":1002,"url":"https:\/\/rolandbaldi.com\/wp-content\/uploads\/2019\/11\/003.jpg","type":"image\/jpeg"}],"author":"@roland-baldi","twitter_card":"summary_large_image","twitter_misc":{"Scritto da":"@roland-baldi"},"schema":{"@context":"https:\/\/schema.org","@graph":[{"@type":"Organization","@id":"https:\/\/rolandbaldi.com\/de\/#organization","name":"Roland Baldi Architect","url":"https:\/\/rolandbaldi.com\/de\/","sameAs":["https:\/\/www.instagram.com\/rolandbaldi\/","https:\/\/www.linkedin.com\/in\/roland-baldi-b3181565\/","https:\/\/www.facebook.com\/roland.baldi.architects"],"logo":{"@type":"ImageObject","inLanguage":"it-IT","@id":"https:\/\/rolandbaldi.com\/de\/#\/schema\/logo\/image\/","url":"https:\/\/rolandbaldi.com\/wp-content\/uploads\/2019\/07\/logo-nero.svg","contentUrl":"https:\/\/rolandbaldi.com\/wp-content\/uploads\/2019\/07\/logo-nero.svg","caption":"Roland Baldi Architect"},"image":{"@id":"https:\/\/rolandbaldi.com\/de\/#\/schema\/logo\/image\/"}},{"@type":"WebSite","@id":"https:\/\/rolandbaldi.com\/de\/#website","url":"https:\/\/rolandbaldi.com\/de\/","name":"Roland Baldi","description":"Roland Baldi architects - Bolzano\/Bozen","publisher":{"@id":"https:\/\/rolandbaldi.com\/de\/#organization"},"potentialAction":[{"@type":"SearchAction","target":{"@type":"EntryPoint","urlTemplate":"https:\/\/rolandbaldi.com\/de\/?s={search_term_string}"},"query-input":"required name=search_term_string"}],"inLanguage":"it-IT"},{"@type":"ImageObject","inLanguage":"it-IT","@id":"https:\/\/rolandbaldi.com\/it\/zwei-nominierungen-fuer-geplantausgefuehrt\/#primaryimage","url":"https:\/\/rolandbaldi.com\/wp-content\/uploads\/2019\/11\/003.jpg","contentUrl":"https:\/\/rolandbaldi.com\/wp-content\/uploads\/2019\/11\/003.jpg","width":1900,"height":1002},{"@type":"WebPage","@id":"https:\/\/rolandbaldi.com\/it\/zwei-nominierungen-fuer-geplantausgefuehrt\/","url":"https:\/\/rolandbaldi.com\/it\/zwei-nominierungen-fuer-geplantausgefuehrt\/","name":"Zwei Nominierungen f\u00fcr GEPLANT+AUSGEF\u00dcHRT | Roland Baldi","isPartOf":{"@id":"https:\/\/rolandbaldi.com\/de\/#website"},"primaryImageOfPage":{"@id":"https:\/\/rolandbaldi.com\/it\/zwei-nominierungen-fuer-geplantausgefuehrt\/#primaryimage"},"datePublished":"2020-04-03T13:34:50+00:00","dateModified":"2020-07-30T09:57:51+00:00","breadcrumb":{"@id":"https:\/\/rolandbaldi.com\/it\/zwei-nominierungen-fuer-geplantausgefuehrt\/#breadcrumb"},"inLanguage":"it-IT","potentialAction":[{"@type":"ReadAction","target":["https:\/\/rolandbaldi.com\/it\/zwei-nominierungen-fuer-geplantausgefuehrt\/"]}]},{"@type":"BreadcrumbList","@id":"https:\/\/rolandbaldi.com\/it\/zwei-nominierungen-fuer-geplantausgefuehrt\/#breadcrumb","itemListElement":[{"@type":"ListItem","position":1,"name":"Home","item":"https:\/\/rolandbaldi.com\/it\/home\/"},{"@type":"ListItem","position":2,"name":"Zwei Nominierungen f\u00fcr GEPLANT+AUSGEF\u00dcHRT"}]},{"@type":"Article","@id":"https:\/\/rolandbaldi.com\/it\/zwei-nominierungen-fuer-geplantausgefuehrt\/#article","isPartOf":{"@id":"https:\/\/rolandbaldi.com\/it\/zwei-nominierungen-fuer-geplantausgefuehrt\/"},"author":{"name":"@roland-baldi","@id":"https:\/\/rolandbaldi.com\/de\/#\/schema\/person\/bb4967cee1f72f3169d429c5f29f5ac1"},"headline":"Zwei Nominierungen f\u00fcr GEPLANT+AUSGEF\u00dcHRT","datePublished":"2020-04-03T13:34:50+00:00","dateModified":"2020-07-30T09:57:51+00:00","mainEntityOfPage":{"@id":"https:\/\/rolandbaldi.com\/it\/zwei-nominierungen-fuer-geplantausgefuehrt\/"},"wordCount":75,"commentCount":0,"publisher":{"@id":"https:\/\/rolandbaldi.com\/de\/#organization"},"image":{"@id":"https:\/\/rolandbaldi.com\/it\/zwei-nominierungen-fuer-geplantausgefuehrt\/#primaryimage"},"thumbnailUrl":"https:\/\/rolandbaldi.com\/wp-content\/uploads\/2019\/11\/003.jpg","articleSection":["News"],"inLanguage":"it-IT","potentialAction":[{"@type":"CommentAction","name":"Comment","target":["https:\/\/rolandbaldi.com\/it\/zwei-nominierungen-fuer-geplantausgefuehrt\/#respond"]}]},{"@type":"Person","@id":"https:\/\/rolandbaldi.com\/de\/#\/schema\/person\/bb4967cee1f72f3169d429c5f29f5ac1","name":"@roland-baldi","image":{"@type":"ImageObject","inLanguage":"it-IT","@id":"https:\/\/rolandbaldi.com\/de\/#\/schema\/person\/image\/","url":"https:\/\/secure.gravatar.com\/avatar\/f37ed6697111674af33f91697296c289?s=96&d=mm&r=g","contentUrl":"https:\/\/secure.gravatar.com\/avatar\/f37ed6697111674af33f91697296c289?s=96&d=mm&r=g","caption":"@roland-baldi"}}]}},"_links":{"self":[{"href":"https:\/\/rolandbaldi.com\/it\/wp-json\/wp\/v2\/posts\/4029"}],"collection":[{"href":"https:\/\/rolandbaldi.com\/it\/wp-json\/wp\/v2\/posts"}],"about":[{"href":"https:\/\/rolandbaldi.com\/it\/wp-json\/wp\/v2\/types\/post"}],"author":[{"embeddable":true,"href":"https:\/\/rolandbaldi.com\/it\/wp-json\/wp\/v2\/users\/5"}],"replies":[{"embeddable":true,"href":"https:\/\/rolandbaldi.com\/it\/wp-json\/wp\/v2\/comments?post=4029"}],"version-history":[{"count":2,"href":"https:\/\/rolandbaldi.com\/it\/wp-json\/wp\/v2\/posts\/4029\/revisions"}],"predecessor-version":[{"id":4037,"href":"https:\/\/rolandbaldi.com\/it\/wp-json\/wp\/v2\/posts\/4029\/revisions\/4037"}],"wp:featuredmedia":[{"embeddable":true,"href":"https:\/\/rolandbaldi.com\/it\/wp-json\/wp\/v2\/media\/1814"}],"wp:attachment":[{"href":"https:\/\/rolandbaldi.com\/it\/wp-json\/wp\/v2\/media?parent=4029"}],"wp:term":[{"taxonomy":"category","embeddable":true,"href":"https:\/\/rolandbaldi.com\/it\/wp-json\/wp\/v2\/categories?post=4029"},{"taxonomy":"post_tag","embeddable":true,"href":"https:\/\/rolandbaldi.com\/it\/wp-json\/wp\/v2\/tags?post=4029"}],"curies":[{"name":"wp","href":"https:\/\/api.w.org\/{rel}","templated":true}]}}